
{"id":1077,"date":"2021-11-12T20:48:17","date_gmt":"2021-11-12T20:48:17","guid":{"rendered":"https:\/\/ihume.org\/?p=1077"},"modified":"2024-09-24T19:23:08","modified_gmt":"2024-09-24T19:23:08","slug":"presentacion-de-federico-sosa-valle-sobre-el-uso-del-conocimiento-en-la-sociedad-para-el-club-de-la-libertad","status":"publish","type":"post","link":"https:\/\/ihume.org\/en\/presentacion-de-federico-sosa-valle-sobre-el-uso-del-conocimiento-en-la-sociedad-para-el-club-de-la-libertad\/","title":{"rendered":"Presentaci\u00f3n de Federico Sosa Valle sobre &#8220;El uso del conocimiento en la sociedad&#8221; para el Club de la Libertad"},"content":{"rendered":"<div data-elementor-type=\"wp-post\" data-elementor-id=\"1077\" class=\"elementor elementor-1077\" data-elementor-post-type=\"post\">\n\t\t\t\t\t\t\t\t\t<section class=\"elementor-section elementor-top-section elementor-element elementor-element-e2fc3c7 elementor-section-boxed elementor-section-height-default elementor-section-height-default\" data-id=\"e2fc3c7\" data-element_type=\"section\">\n\t\t\t\t\t\t<div class=\"elementor-container elementor-column-gap-default\">\n\t\t\t\t\t<div class=\"elementor-column elementor-col-100 elementor-top-column elementor-element elementor-element-4091da0\" data-id=\"4091da0\" data-element_type=\"column\">\n\t\t\t<div class=\"elementor-widget-wrap elementor-element-populated\">\n\t\t\t\t\t\t\t\t<div class=\"elementor-element elementor-element-9be0096 elementor-widget elementor-widget-text-editor\" data-id=\"9be0096\" data-element_type=\"widget\" data-widget_type=\"text-editor.default\">\n\t\t\t\t<div class=\"elementor-widget-container\">\n\t\t\t\t\t\t\tOn November 12, Federico Sosa Valle, President of the Hume Foundation, was invited to speak on \"The use of knowledge in society\", an essay that Friedrich Hayek published 76 years ago, but which remains current for reading cycle of the Club de la Libertad, related organization of the province of Corrientes. It was broadcast live on Zoom.\t\t\t\t\t\t<\/div>\n\t\t\t\t<\/div>\n\t\t\t\t\t<\/div>\n\t\t<\/div>\n\t\t\t\t\t\t\t<\/div>\n\t\t<\/section>\n\t\t\t\t\t\t\t<\/div>","protected":false},"excerpt":{"rendered":"<p>El 12 de noviembre, Federico Sosa Valle, Presidente de la Fundaci\u00f3n Hume, fue invitado a disertar sobre \u201cEl uso del conocimiento en la sociedad\u201d, un ensayo que Friedrich Hayek public\u00f3 hace 76 a\u00f1os, pero que mantiene su actualidad para el Ciclo de lectura del Club de la Libertad, organizaci\u00f3n afin de la provincia de Corrientes. &hellip;<\/p>\n<p class=\"read-more\"> <a class=\"\" href=\"https:\/\/ihume.org\/en\/presentacion-de-federico-sosa-valle-sobre-el-uso-del-conocimiento-en-la-sociedad-para-el-club-de-la-libertad\/\"> <span class=\"screen-reader-text\">Presentaci\u00f3n de Federico Sosa Valle sobre &#8220;El uso del conocimiento en la sociedad&#8221; para el Club de la Libertad<\/span> Read More &raquo;<\/a><\/p>","protected":false},"author":2,"featured_media":1002,"comment_status":"closed","ping_status":"closed","sticky":false,"template":"","format":"standard","meta":{"_eb_attr":"","site-sidebar-layout":"default","site-content-layout":"default","ast-global-header-display":"","ast-main-header-display":"","ast-hfb-above-header-display":"","ast-hfb-below-header-display":"","ast-hfb-mobile-header-display":"","site-post-title":"","ast-breadcrumbs-content":"","ast-featured-img":"","footer-sml-layout":"","theme-transparent-header-meta":"","adv-header-id-meta":"","stick-header-meta":"","header-above-stick-meta":"","header-main-stick-meta":"","header-below-stick-meta":"","footnotes":""},"categories":[6,20],"tags":[],"class_list":["post-1077","post","type-post","status-publish","format-standard","has-post-thumbnail","hentry","category-pasadas","category-seminarios"],"_links":{"self":[{"href":"https:\/\/ihume.org\/en\/wp-json\/wp\/v2\/posts\/1077","targetHints":{"allow":["GET"]}}],"collection":[{"href":"https:\/\/ihume.org\/en\/wp-json\/wp\/v2\/posts"}],"about":[{"href":"https:\/\/ihume.org\/en\/wp-json\/wp\/v2\/types\/post"}],"author":[{"embeddable":true,"href":"https:\/\/ihume.org\/en\/wp-json\/wp\/v2\/users\/2"}],"replies":[{"embeddable":true,"href":"https:\/\/ihume.org\/en\/wp-json\/wp\/v2\/comments?post=1077"}],"version-history":[{"count":4,"href":"https:\/\/ihume.org\/en\/wp-json\/wp\/v2\/posts\/1077\/revisions"}],"predecessor-version":[{"id":1081,"href":"https:\/\/ihume.org\/en\/wp-json\/wp\/v2\/posts\/1077\/revisions\/1081"}],"wp:featuredmedia":[{"embeddable":true,"href":"https:\/\/ihume.org\/en\/wp-json\/wp\/v2\/media\/1002"}],"wp:attachment":[{"href":"https:\/\/ihume.org\/en\/wp-json\/wp\/v2\/media?parent=1077"}],"wp:term":[{"taxonomy":"category","embeddable":true,"href":"https:\/\/ihume.org\/en\/wp-json\/wp\/v2\/categories?post=1077"},{"taxonomy":"post_tag","embeddable":true,"href":"https:\/\/ihume.org\/en\/wp-json\/wp\/v2\/tags?post=1077"}],"curies":[{"name":"wp","href":"https:\/\/api.w.org\/{rel}","templated":true}]}}