
{"id":1087,"date":"2021-11-23T20:52:23","date_gmt":"2021-11-23T20:52:23","guid":{"rendered":"https:\/\/ihume.org\/?p=1087"},"modified":"2025-07-28T06:23:24","modified_gmt":"2025-07-28T06:23:24","slug":"ciclo-de-historia-y-pensamiento-argentino-jeremy-bentham-y-el-legado-del-utilitarismo-en-el-mundo-atlantico-con-el-dr-klaus-gallo","status":"publish","type":"post","link":"https:\/\/ihume.org\/en\/ciclo-de-historia-y-pensamiento-argentino-jeremy-bentham-y-el-legado-del-utilitarismo-en-el-mundo-atlantico-con-el-dr-klaus-gallo\/","title":{"rendered":"Cycle of Argentine History and Thought: \"Jeremy Bentham and the legacy of Utilitarianism in the Atlantic world\" with Dr. Klaus Gallo."},"content":{"rendered":"<h2>\u00a0<\/h2>\n<p>El martes 23 de noviembre de 2021 se di\u00f3 el \u00faltimo encuentro del &#8220;Ciclo de Historia y Pensamiento Argentino. En homenaje al Dr. Ezequiel Gallo&#8221; en el que tuvimos el placer de recibir al Dr. Klaus Gallo, Director del Departamento de Estudios Hist\u00f3ricos y Sociales de la Unviersidad Di Tella. El Dr. Gallo disert\u00f3 sobre Jeremy Bentham, el utilitarismo y su influencia en el mundo en general y en el R\u00edo de la Plata en particular. En el caso de Argentina, vimos la influencia de este pensamiento en Rivadavia y los debates pol\u00edticos de principios del siglo XIX. Asimismo, el Dr. Gallo nos record\u00f3 que ese d\u00eda era el cumplea\u00f1os de su padre, por lo que cerramos el Ciclo en homensaje al Dr. Ezequiel Gallo con un cari\u00f1oso recuerdo a su figura en sus aspectos profesional y personal.<\/p>","protected":false},"excerpt":{"rendered":"<p>\u00a0 El martes 23 de noviembre de 2021 se di\u00f3 el \u00faltimo encuentro del &#8220;Ciclo de Historia y Pensamiento Argentino. En homenaje al Dr. Ezequiel Gallo&#8221; en el que tuvimos el placer de recibir al Dr. Klaus Gallo, Director del Departamento de Estudios Hist\u00f3ricos y Sociales de la Unviersidad Di Tella. El Dr. Gallo disert\u00f3 &hellip;<\/p>\n<p class=\"read-more\"> <a class=\"\" href=\"https:\/\/ihume.org\/en\/ciclo-de-historia-y-pensamiento-argentino-jeremy-bentham-y-el-legado-del-utilitarismo-en-el-mundo-atlantico-con-el-dr-klaus-gallo\/\"> <span class=\"screen-reader-text\">Cycle of Argentine History and Thought: \"Jeremy Bentham and the legacy of Utilitarianism in the Atlantic world\" with Dr. Klaus Gallo.<\/span> Read More &raquo;<\/a><\/p>","protected":false},"author":3,"featured_media":1095,"comment_status":"open","ping_status":"open","sticky":false,"template":"","format":"standard","meta":{"_eb_attr":"","site-sidebar-layout":"default","site-content-layout":"default","ast-global-header-display":"","ast-main-header-display":"","ast-hfb-above-header-display":"","ast-hfb-below-header-display":"","ast-hfb-mobile-header-display":"","site-post-title":"","ast-breadcrumbs-content":"","ast-featured-img":"","footer-sml-layout":"","theme-transparent-header-meta":"","adv-header-id-meta":"","stick-header-meta":"","header-above-stick-meta":"","header-main-stick-meta":"","header-below-stick-meta":"","footnotes":""},"categories":[6,20],"tags":[],"class_list":["post-1087","post","type-post","status-publish","format-standard","has-post-thumbnail","hentry","category-pasadas","category-seminarios"],"_links":{"self":[{"href":"https:\/\/ihume.org\/en\/wp-json\/wp\/v2\/posts\/1087","targetHints":{"allow":["GET"]}}],"collection":[{"href":"https:\/\/ihume.org\/en\/wp-json\/wp\/v2\/posts"}],"about":[{"href":"https:\/\/ihume.org\/en\/wp-json\/wp\/v2\/types\/post"}],"author":[{"embeddable":true,"href":"https:\/\/ihume.org\/en\/wp-json\/wp\/v2\/users\/3"}],"replies":[{"embeddable":true,"href":"https:\/\/ihume.org\/en\/wp-json\/wp\/v2\/comments?post=1087"}],"version-history":[{"count":12,"href":"https:\/\/ihume.org\/en\/wp-json\/wp\/v2\/posts\/1087\/revisions"}],"predecessor-version":[{"id":1183,"href":"https:\/\/ihume.org\/en\/wp-json\/wp\/v2\/posts\/1087\/revisions\/1183"}],"wp:featuredmedia":[{"embeddable":true,"href":"https:\/\/ihume.org\/en\/wp-json\/wp\/v2\/media\/1095"}],"wp:attachment":[{"href":"https:\/\/ihume.org\/en\/wp-json\/wp\/v2\/media?parent=1087"}],"wp:term":[{"taxonomy":"category","embeddable":true,"href":"https:\/\/ihume.org\/en\/wp-json\/wp\/v2\/categories?post=1087"},{"taxonomy":"post_tag","embeddable":true,"href":"https:\/\/ihume.org\/en\/wp-json\/wp\/v2\/tags?post=1087"}],"curies":[{"name":"wp","href":"https:\/\/api.w.org\/{rel}","templated":true}]}}