
{"id":1458,"date":"2022-08-06T20:01:11","date_gmt":"2022-08-06T20:01:11","guid":{"rendered":"https:\/\/ihume.org\/?p=1458"},"modified":"2024-09-24T19:13:13","modified_gmt":"2024-09-24T19:13:13","slug":"grupo-de-discusion-sobre-derecho-legislacion-y-libertad-de-friedrich-a-hayek","status":"publish","type":"post","link":"https:\/\/ihume.org\/en\/grupo-de-discusion-sobre-derecho-legislacion-y-libertad-de-friedrich-a-hayek\/","title":{"rendered":"Discussion group on \"Law, Legislation and Liberty\" by Friedrich A. Hayek. Tuesdays 16, 23 and 30 August 6 p.m."},"content":{"rendered":"<p>The David Hume Institute Foundation invites you to the discussion group on Friedrich A. Hayek\u00b4s \"Law, Legislation, and Liberty\", which will be held in three one-hour meetings through the Zoom platform. It will take place on Tuesdays 16, 23 and 30, 2022 at 6:00 pm. <\/p>\n\n\n\n<p>The activity is open to all, it only requires registration at: https:\/\/forms.gle\/hQYm9DAcdyvF6bgn7 <a href=\"https:\/\/forms.gle\/hQYm9DAcdyvF6bgn7\" target=\"_blank\" rel=\"noreferrer noopener\">https:\/\/forms.gle\/hQYm9DAcdyvF6bgn7<\/a><\/p>\n\n\n\n<figure class=\"wp-block-image size-large\"><img loading=\"lazy\" decoding=\"async\" width=\"724\" height=\"1024\" src=\"https:\/\/ihume.org\/wp-content\/uploads\/2022\/08\/Grupo-de-Discusion-LLL-724x1024.jpg\" alt=\"\" class=\"wp-image-1459\" srcset=\"https:\/\/ihume.org\/wp-content\/uploads\/2022\/08\/Grupo-de-Discusion-LLL-724x1024.jpg 724w, https:\/\/ihume.org\/wp-content\/uploads\/2022\/08\/Grupo-de-Discusion-LLL-212x300.jpg 212w, https:\/\/ihume.org\/wp-content\/uploads\/2022\/08\/Grupo-de-Discusion-LLL-768x1086.jpg 768w, https:\/\/ihume.org\/wp-content\/uploads\/2022\/08\/Grupo-de-Discusion-LLL-1086x1536.jpg 1086w, https:\/\/ihume.org\/wp-content\/uploads\/2022\/08\/Grupo-de-Discusion-LLL-8x12.jpg 8w, https:\/\/ihume.org\/wp-content\/uploads\/2022\/08\/Grupo-de-Discusion-LLL.jpg 1414w\" sizes=\"auto, (max-width: 724px) 100vw, 724px\" \/><\/figure>","protected":false},"excerpt":{"rendered":"<p>La Fundaci\u00f3n Instituto David Hume los invita a su grupo de discusi\u00f3n sobre la obra &#8220;Derecho, Legislaci\u00f3 y Libertad de F. A. Hayek, el que se realizar\u00e1 en tres reuniones de una hora a trav\u00e9s de la plataforma Zoom. Tendr\u00e1 lugar los martes 16, 23 y 30 de Agosto de 2022 a las 18 hs. &hellip;<\/p>\n<p class=\"read-more\"> <a class=\"\" href=\"https:\/\/ihume.org\/en\/grupo-de-discusion-sobre-derecho-legislacion-y-libertad-de-friedrich-a-hayek\/\"> <span class=\"screen-reader-text\">Discussion group on \"Law, Legislation and Liberty\" by Friedrich A. Hayek. Tuesdays 16, 23 and 30 August 6 p.m.<\/span> Read More &raquo;<\/a><\/p>","protected":false},"author":3,"featured_media":1256,"comment_status":"closed","ping_status":"closed","sticky":false,"template":"","format":"standard","meta":{"_eb_attr":"","site-sidebar-layout":"default","site-content-layout":"default","ast-global-header-display":"","ast-main-header-display":"","ast-hfb-above-header-display":"","ast-hfb-below-header-display":"","ast-hfb-mobile-header-display":"","site-post-title":"","ast-breadcrumbs-content":"","ast-featured-img":"","footer-sml-layout":"","theme-transparent-header-meta":"","adv-header-id-meta":"","stick-header-meta":"","header-above-stick-meta":"","header-main-stick-meta":"","header-below-stick-meta":"","footnotes":""},"categories":[18,6],"tags":[30,31],"class_list":["post-1458","post","type-post","status-publish","format-standard","has-post-thumbnail","hentry","category-grupos-de-discusion","category-pasadas","tag-hayek","tag-rule-of-law"],"_links":{"self":[{"href":"https:\/\/ihume.org\/en\/wp-json\/wp\/v2\/posts\/1458","targetHints":{"allow":["GET"]}}],"collection":[{"href":"https:\/\/ihume.org\/en\/wp-json\/wp\/v2\/posts"}],"about":[{"href":"https:\/\/ihume.org\/en\/wp-json\/wp\/v2\/types\/post"}],"author":[{"embeddable":true,"href":"https:\/\/ihume.org\/en\/wp-json\/wp\/v2\/users\/3"}],"replies":[{"embeddable":true,"href":"https:\/\/ihume.org\/en\/wp-json\/wp\/v2\/comments?post=1458"}],"version-history":[{"count":2,"href":"https:\/\/ihume.org\/en\/wp-json\/wp\/v2\/posts\/1458\/revisions"}],"predecessor-version":[{"id":1463,"href":"https:\/\/ihume.org\/en\/wp-json\/wp\/v2\/posts\/1458\/revisions\/1463"}],"wp:featuredmedia":[{"embeddable":true,"href":"https:\/\/ihume.org\/en\/wp-json\/wp\/v2\/media\/1256"}],"wp:attachment":[{"href":"https:\/\/ihume.org\/en\/wp-json\/wp\/v2\/media?parent=1458"}],"wp:term":[{"taxonomy":"category","embeddable":true,"href":"https:\/\/ihume.org\/en\/wp-json\/wp\/v2\/categories?post=1458"},{"taxonomy":"post_tag","embeddable":true,"href":"https:\/\/ihume.org\/en\/wp-json\/wp\/v2\/tags?post=1458"}],"curies":[{"name":"wp","href":"https:\/\/api.w.org\/{rel}","templated":true}]}}